{"id":14502,"date":"2021-11-08T12:59:44","date_gmt":"2021-11-08T10:59:44","guid":{"rendered":"https:\/\/www.interface-biz.com\/new\/?p=14502"},"modified":"2023-12-15T18:39:23","modified_gmt":"2023-12-15T16:39:23","slug":"espagnol-oral","status":"publish","type":"post","link":"https:\/\/www.interface-biz.com\/new\/espagnol-oral\/","title":{"rendered":"Espagnol oral"},"content":{"rendered":"<h1>Pratiquer votre espagnol oral &#8211; cours individuels<\/h1>\n<br\/><p style=\"text-align: center;\"><a href=\"https:\/\/www.moncompteformation.gouv.fr\/espace-public\/les-acteurs-de-la-competence-linitiative-dune-charte-de-deontologie-au-cpf\" target=\"_blank\" rel=\"noopener\"><img loading=\"lazy\" decoding=\"async\" class=\"alignnone wp-image-15453\" src=\"https:\/\/www.interface-biz.com\/new\/wp-content\/uploads\/2021\/08\/macaron-clipped.jpg\" alt=\"\" width=\"150\" height=\"150\" \/><\/a>\r\n<center><a href=\"https:\/\/www.moncompteformation.gouv.fr\/espace-public\/les-acteurs-de-la-competence-linitiative-dune-charte-de-deontologie-au-cpf\" target=\"_blank\" rel=\"noopener\">En savoir plus<\/a><\/p><\/center>\n<div class=\"su-spacer\" style=\"height:20px\"><\/div>\nChaque apprenant re\u00e7oit une <strong>formation personnalis\u00e9e <\/strong>visant \u00e0 d\u00e9velopper en priorit\u00e9 ses comp\u00e9tences en communication orale. Nous privil\u00e9gions une approche communicative avec des \u00e9changes oraux, des mises en situations et des jeux de r\u00f4le.<\/p>\n<p><strong>Objectifs types :<\/strong><\/p>\n<ul>\n<li>Gagner en confiance et spontan\u00e9it\u00e9<\/li>\n<li>Am\u00e9liorer sa compr\u00e9hension orale<\/li>\n<li>Perfectionner sa grammaire<\/li>\n<li>\u00c9largir son vocabulaire<\/li>\n<li>Aller \u00e0 la rencontre d&#8217;une autre culture<\/li>\n<li>Pr\u00e9paration et passage de dipl\u00f4me en fin de stage<\/li>\n<\/ul>\n<p><strong>Description :<\/strong><\/p>\n<div id=\"footable_parent_17478\"\n         class=\" footable_parent ninja_table_wrapper loading_ninja_table wp_table_data_press_parent semantic_ui \">\n                <table data-ninja_table_instance=\"ninja_table_instance_0\" data-footable_id=\"17478\" data-filter-delay=\"1000\" aria-label=\"Description (generic)\"            id=\"footable_17478\"\n           data-unique_identifier=\"ninja_table_unique_id_2264303193_17478\"\n           class=\" foo-table ninja_footable foo_table_17478 ninja_table_unique_id_2264303193_17478 ui table  nt_type_ajax_table celled striped vertical_centered  footable-paging-right ninjatable_hide_header_row hide_stacked_th ninja_stacked_no_cell_border ninja_table_search_disabled ninja_table_pro\">\n                <colgroup>\n                            <col class=\"ninja_column_0 \">\n                            <col class=\"ninja_column_1 \">\n                    <\/colgroup>\n            <\/table>\n    \n    \n    \n<\/div>\n\n<div class=\"su-spacer\" style=\"height:20px\"><\/div>\n<h2 style=\"text-align: center;\">Inscrivez-vous !<\/h2>\n<div class=\"su-spacer\" style=\"height:20px\"><\/div>\n<div id=\"footable_parent_15649\"\n         class=\" footable_parent ninja_table_wrapper loading_ninja_table wp_table_data_press_parent bootstrap4 colored_table\">\n                <table data-ninja_table_instance=\"ninja_table_instance_1\" data-footable_id=\"15649\" data-filter-delay=\"1000\" aria-label=\"2024 espagnol pro cours individuels\"            id=\"footable_15649\"\n           data-unique_identifier=\"ninja_table_unique_id_961360272_15649\"\n           class=\" foo-table ninja_footable foo_table_15649 ninja_table_unique_id_961360272_15649 table  nt_type_legacy_table table-bordered table-sm vertical_centered ninja_custom_color inverted footable-paging-right ninja_table_search_disabled ninja_table_pro\">\n                <colgroup>\n                            <col class=\"ninja_column_0 \">\n                            <col class=\"ninja_column_1 \">\n                            <col class=\"ninja_column_2 \">\n                            <col class=\"ninja_column_3 \">\n                    <\/colgroup>\n        <thead>\n<tr class=\"footable-header\">\n                                                                        <th scope=\"col\"  class=\"ninja_column_0 ninja_clmn_nm_price \">Prix de la formation<\/th><th scope=\"col\"  class=\"ninja_column_1 ninja_clmn_nm_duration \">Cours individuels avec un formateur de langue maternelle<\/th><th scope=\"col\"  class=\"ninja_column_2 ninja_clmn_nm_acces_plateforme \">Support p\u00e9dagogique<\/th><th scope=\"col\"  class=\"ninja_column_3 ninja_clmn_nm_bright \">Pr\u00e9sentiel et\/ou \u00e0 distance<\/th><\/tr>\n<\/thead>\n<tbody>\n\n        <tr data-row_id=\"1093\" class=\"ninja_table_row_0 nt_row_id_1093\">\n            <td>1170 \u20ac\/TTC<\/td><td>10 heures<\/td><td>Inclus<\/td><td><a target=\"_blank\"  class=\"nt_btn nt_rounded_btn\" style=\"color: rgba(255, 255, 255, 1);background-color: rgba(16, 139, 0, 1);border-color: rgba(0, 8, 42, 1);\" rel=\"\" href=\"https:\/\/www.moncompteformation.gouv.fr\/espace-prive\/html\/#\/formation\/recherche\/33221257000011_ESPCLOE24\/33221257000011_ESPPROPRES\">S'inscrire<\/a><\/td>        <\/tr>\n            <tr data-row_id=\"1094\" class=\"ninja_table_row_1 nt_row_id_1094\">\n            <td>1650 \u20ac\/TTC<\/td><td>15 heures<\/td><td>Inclus<\/td><td><a target=\"_blank\"  class=\"nt_btn nt_rounded_btn\" style=\"color: rgba(255, 255, 255, 1);background-color: rgba(16, 139, 0, 1);border-color: rgba(0, 8, 42, 1);\" rel=\"\" href=\"https:\/\/www.moncompteformation.gouv.fr\/espace-prive\/html\/#\/formation\/recherche\/33221257000011_PVEOPRES\/33221257000011_ESPPRES15\">S'inscrire<\/a><\/td>        <\/tr>\n            <tr data-row_id=\"1095\" class=\"ninja_table_row_2 nt_row_id_1095\">\n            <td>2130 \u20ac\/TTC<\/td><td>20 heures<\/td><td>Inclus<\/td><td><a target=\"_blank\"  class=\"nt_btn nt_rounded_btn\" style=\"color: rgba(255, 255, 255, 1);background-color: rgba(16, 139, 0, 1);border-color: rgba(0, 8, 42, 1);\" rel=\"\" href=\"https:\/\/www.moncompteformation.gouv.fr\/espace-prive\/html\/#\/formation\/recherche\/33221257000011_ESPCLOE24\/33221257000011_ESPPROPRES20\">S'inscrire<\/a><\/td>        <\/tr>\n            <tr data-row_id=\"1096\" class=\"ninja_table_row_3 nt_row_id_1096\">\n            <td>2610 \u20ac\/TTC<\/td><td>25 heures<\/td><td>Inclus<\/td><td><a target=\"_blank\"  class=\"nt_btn nt_rounded_btn\" style=\"color: rgba(255, 255, 255, 1);background-color: rgba(16, 139, 0, 1);border-color: rgba(0, 8, 42, 1);\" rel=\"\" href=\"https:\/\/www.moncompteformation.gouv.fr\/espace-prive\/html\/#\/formation\/recherche\/33221257000011_PVEOPRES\/33221257000011_ESPPRES25\">S'inscrire<\/a><\/td>        <\/tr>\n            <tr data-row_id=\"1097\" class=\"ninja_table_row_4 nt_row_id_1097\">\n            <td>3090 \u20ac\/TTC<\/td><td>30 heures<\/td><td>Inclus<\/td><td><a target=\"_blank\"  class=\"nt_btn nt_rounded_btn\" style=\"color: rgba(255, 255, 255, 1);background-color: rgba(16, 139, 0, 1);border-color: rgba(0, 8, 42, 1);\" rel=\"\" href=\"https:\/\/www.moncompteformation.gouv.fr\/espace-prive\/html\/#\/formation\/recherche\/33221257000011_ESPCLOE24\/33221257000011_ESPPROPRES30\">S'inscrire<\/a><\/td>        <\/tr>\n            <tr data-row_id=\"1098\" class=\"ninja_table_row_5 nt_row_id_1098\">\n            <td>3570 \u20ac\/TTC<\/td><td>35 heures<\/td><td>Inclus<\/td><td><a target=\"_blank\"  class=\"nt_btn nt_rounded_btn\" style=\"color: rgba(255, 255, 255, 1);background-color: rgba(16, 139, 0, 1);border-color: rgba(0, 8, 42, 1);\" rel=\"\" href=\"https:\/\/www.moncompteformation.gouv.fr\/espace-prive\/html\/#\/formation\/recherche\/33221257000011_PVEOPRES\/33221257000011_ESPPRES35\">S'inscrire<\/a><\/td>        <\/tr>\n            <tr data-row_id=\"1099\" class=\"ninja_table_row_6 nt_row_id_1099\">\n            <td>4050 \u20ac\/TTC<\/td><td>40 heures<\/td><td>Inclus<\/td><td><a target=\"_blank\"  class=\"nt_btn nt_rounded_btn\" style=\"color: rgba(255, 255, 255, 1);background-color: rgba(16, 139, 0, 1);border-color: rgba(0, 8, 42, 1);\" rel=\"\" href=\"https:\/\/www.moncompteformation.gouv.fr\/espace-prive\/html\/#\/formation\/recherche\/33221257000011_ESPCLOE24\/33221257000011_ESPPROPRES40\">S'inscrire<\/a><\/td>        <\/tr>\n            <tr data-row_id=\"1100\" class=\"ninja_table_row_7 nt_row_id_1100\">\n            <td>4530 \u20ac\/TTC<\/td><td>45 heures<\/td><td>Inclus<\/td><td><a target=\"_blank\"  class=\"nt_btn nt_rounded_btn\" style=\"color: rgba(255, 255, 255, 1);background-color: rgba(16, 139, 0, 1);border-color: rgba(0, 8, 42, 1);\" rel=\"\" href=\"https:\/\/www.moncompteformation.gouv.fr\/espace-prive\/html\/#\/formation\/recherche\/33221257000011_PVEOPRES\/33221257000011_ESPPRES45\">S'inscrire<\/a><\/td>        <\/tr>\n            <tr data-row_id=\"1101\" class=\"ninja_table_row_8 nt_row_id_1101\">\n            <td>5000 \u20ac\/TTC<\/td><td>50 heures<\/td><td>Inclus<\/td><td><a target=\"_blank\"  class=\"nt_btn nt_rounded_btn\" style=\"color: rgba(255, 255, 255, 1);background-color: rgba(16, 139, 0, 1);border-color: rgba(0, 8, 42, 1);\" rel=\"\" href=\"https:\/\/www.moncompteformation.gouv.fr\/espace-prive\/html\/#\/formation\/recherche\/33221257000011_ESPCLOE24\/33221257000011_ESPPROPRES50\">S'inscrire<\/a><\/td>        <\/tr>\n    <\/tbody><!--ninja_tobody_rendering_done-->\n    <\/table>\n    \n    \n    \n<\/div>\n\n<div class=\"su-spacer\" style=\"height:20px\"><\/div>\n<div class=\"su-spacer\" style=\"height:30px\"><\/div>\r\n<h2>Contactez nous<\/h2>\r\n<div class=\"su-spacer\" style=\"height:10px\"><\/div>\r\n<strong>Interface Business Languages<\/strong><br\/>\r\n19 place de l'Iris, Paris - La D\u00e9fense<br\/>\r\nT\u00e9l. 01 47 76 44 68<br\/>\r\n<strong>Metro ligne 1 - Esplanade\u00a0 de la D\u00e9fense<\/strong><br\/>\r\n<br\/>\r\n\n<div class=\"wpcf7 no-js\" id=\"wpcf7-f83-o1\" lang=\"en-US\" dir=\"ltr\" data-wpcf7-id=\"83\">\n<div class=\"screen-reader-response\"><p role=\"status\" aria-live=\"polite\" aria-atomic=\"true\"><\/p> <ul><\/ul><\/div>\n<form action=\"\/new\/wp-json\/wp\/v2\/posts\/14502#wpcf7-f83-o1\" method=\"post\" class=\"wpcf7-form init\" aria-label=\"Contact form\" novalidate=\"novalidate\" data-status=\"init\">\n<fieldset class=\"hidden-fields-container\"><input type=\"hidden\" name=\"_wpcf7\" value=\"83\" \/><input type=\"hidden\" name=\"_wpcf7_version\" value=\"6.1.5\" \/><input type=\"hidden\" name=\"_wpcf7_locale\" value=\"en_US\" \/><input type=\"hidden\" name=\"_wpcf7_unit_tag\" value=\"wpcf7-f83-o1\" \/><input type=\"hidden\" name=\"_wpcf7_container_post\" value=\"0\" \/><input type=\"hidden\" name=\"_wpcf7_posted_data_hash\" value=\"\" \/><input type=\"hidden\" name=\"_wpcf7_recaptcha_response\" value=\"\" \/>\n<\/fieldset>\n\n<input class=\"wpcf7-form-control wpcf7-hidden\" value=\"Demande de renseignement\" type=\"hidden\" name=\"your-subject\" \/>\n<p>Nom <i>(requis)<\/i>\n<\/p>\n<p><span class=\"wpcf7-form-control-wrap\" data-name=\"your-name\"><input size=\"40\" maxlength=\"400\" class=\"wpcf7-form-control wpcf7-text wpcf7-validates-as-required\" aria-required=\"true\" aria-invalid=\"false\" value=\"\" type=\"text\" name=\"your-name\" \/><\/span>\n<\/p>\n<p>Email <i>(requis)<\/i>\n<\/p>\n<p><span class=\"wpcf7-form-control-wrap\" data-name=\"your-email\"><input size=\"40\" maxlength=\"400\" class=\"wpcf7-form-control wpcf7-email wpcf7-validates-as-required wpcf7-text wpcf7-validates-as-email\" aria-required=\"true\" aria-invalid=\"false\" value=\"\" type=\"email\" name=\"your-email\" \/><\/span>\n<\/p>\n<p>T\u00e9l\u00e9phone <i>(requis)<\/i>\n<\/p>\n<p><span class=\"wpcf7-form-control-wrap\" data-name=\"tel-730\"><input size=\"40\" maxlength=\"400\" class=\"wpcf7-form-control wpcf7-tel wpcf7-validates-as-required wpcf7-text wpcf7-validates-as-tel\" aria-required=\"true\" aria-invalid=\"false\" value=\"\" type=\"tel\" name=\"tel-730\" \/><\/span>\n<\/p>\n<p>Votre message<i>(requis)<\/i>\n<\/p>\n<p><span class=\"wpcf7-form-control-wrap\" data-name=\"your-message\"><textarea cols=\"40\" rows=\"10\" maxlength=\"2000\" class=\"wpcf7-form-control wpcf7-textarea wpcf7-validates-as-required\" aria-required=\"true\" aria-invalid=\"false\" name=\"your-message\"><\/textarea><\/span>\n<\/p>\n<div class=\"wpcf7-response-output\" aria-hidden=\"true\"><\/div>\n<p><input class=\"wpcf7-form-control wpcf7-submit has-spinner\" type=\"submit\" value=\"Envoyer \/ Send\" \/>\n<\/p>\n<\/form>\n<\/div>\n\n","protected":false},"excerpt":{"rendered":"<p>Pratiquer votre espagnol oral \u2013 cours individuels<\/p>\n","protected":false},"author":17,"featured_media":15707,"comment_status":"closed","ping_status":"closed","sticky":false,"template":"","format":"standard","meta":{"_lmt_disableupdate":"no","_lmt_disable":"no","footnotes":"","_links_to":"","_links_to_target":""},"categories":[140,110,163,145],"tags":[],"class_list":["post-14502","post","type-post","status-publish","format-standard","has-post-thumbnail","hentry","category-autres-langues-cpf","category-english-courses","category-espagnol","category-pratiquer-a-loral","infinite-scroll-item","resize-featured-image"],"yoast_head":"<!-- This site is optimized with the Yoast SEO plugin v27.5 - https:\/\/yoast.com\/product\/yoast-seo-wordpress\/ -->\n<title>Espagnol oral - Interface Business Languages<\/title>\n<meta name=\"robots\" content=\"index, follow, max-snippet:-1, max-image-preview:large, max-video-preview:-1\" \/>\n<link rel=\"canonical\" href=\"https:\/\/www.interface-biz.com\/new\/espagnol-oral\/\" \/>\n<meta property=\"og:locale\" content=\"en_US\" \/>\n<meta property=\"og:type\" content=\"article\" \/>\n<meta property=\"og:title\" content=\"Espagnol oral - Interface Business Languages\" \/>\n<meta property=\"og:description\" content=\"Pratiquer votre espagnol oral \u2013 cours individuels\" \/>\n<meta property=\"og:url\" content=\"https:\/\/www.interface-biz.com\/new\/espagnol-oral\/\" \/>\n<meta property=\"og:site_name\" content=\"Interface Business Languages\" \/>\n<meta property=\"article:published_time\" content=\"2021-11-08T10:59:44+00:00\" \/>\n<meta property=\"article:modified_time\" content=\"2023-12-15T16:39:23+00:00\" \/>\n<meta property=\"og:image\" content=\"https:\/\/www.interface-biz.com\/new\/wp-content\/uploads\/2021\/11\/spanish.jpg\" \/>\n\t<meta property=\"og:image:width\" content=\"1200\" \/>\n\t<meta property=\"og:image:height\" content=\"628\" \/>\n\t<meta property=\"og:image:type\" content=\"image\/jpeg\" \/>\n<meta name=\"author\" content=\"attila bakti\" \/>\n<meta name=\"twitter:card\" content=\"summary_large_image\" \/>\n<meta name=\"twitter:label1\" content=\"Written by\" \/>\n\t<meta name=\"twitter:data1\" content=\"attila bakti\" \/>\n\t<meta name=\"twitter:label2\" content=\"Est. reading time\" \/>\n\t<meta name=\"twitter:data2\" content=\"1 minute\" \/>\n<script type=\"application\/ld+json\" class=\"yoast-schema-graph\">{\"@context\":\"https:\\\/\\\/schema.org\",\"@graph\":[{\"@type\":\"Article\",\"@id\":\"https:\\\/\\\/www.interface-biz.com\\\/new\\\/espagnol-oral\\\/#article\",\"isPartOf\":{\"@id\":\"https:\\\/\\\/www.interface-biz.com\\\/new\\\/espagnol-oral\\\/\"},\"author\":{\"name\":\"attila bakti\",\"@id\":\"https:\\\/\\\/www.interface-biz.com\\\/new\\\/#\\\/schema\\\/person\\\/a7516d0dae391e491e87ca628597a039\"},\"headline\":\"Espagnol oral\",\"datePublished\":\"2021-11-08T10:59:44+00:00\",\"dateModified\":\"2023-12-15T16:39:23+00:00\",\"mainEntityOfPage\":{\"@id\":\"https:\\\/\\\/www.interface-biz.com\\\/new\\\/espagnol-oral\\\/\"},\"wordCount\":105,\"publisher\":{\"@id\":\"https:\\\/\\\/www.interface-biz.com\\\/new\\\/#organization\"},\"image\":{\"@id\":\"https:\\\/\\\/www.interface-biz.com\\\/new\\\/espagnol-oral\\\/#primaryimage\"},\"thumbnailUrl\":\"https:\\\/\\\/www.interface-biz.com\\\/new\\\/wp-content\\\/uploads\\\/2021\\\/11\\\/spanish.jpg\",\"articleSection\":[\"Autres langues - CPF\",\"English courses\",\"espagnol\",\"Pratiquer \u00e0 l'oral\"],\"inLanguage\":\"en-US\"},{\"@type\":\"WebPage\",\"@id\":\"https:\\\/\\\/www.interface-biz.com\\\/new\\\/espagnol-oral\\\/\",\"url\":\"https:\\\/\\\/www.interface-biz.com\\\/new\\\/espagnol-oral\\\/\",\"name\":\"Espagnol oral - Interface Business Languages\",\"isPartOf\":{\"@id\":\"https:\\\/\\\/www.interface-biz.com\\\/new\\\/#website\"},\"primaryImageOfPage\":{\"@id\":\"https:\\\/\\\/www.interface-biz.com\\\/new\\\/espagnol-oral\\\/#primaryimage\"},\"image\":{\"@id\":\"https:\\\/\\\/www.interface-biz.com\\\/new\\\/espagnol-oral\\\/#primaryimage\"},\"thumbnailUrl\":\"https:\\\/\\\/www.interface-biz.com\\\/new\\\/wp-content\\\/uploads\\\/2021\\\/11\\\/spanish.jpg\",\"datePublished\":\"2021-11-08T10:59:44+00:00\",\"dateModified\":\"2023-12-15T16:39:23+00:00\",\"breadcrumb\":{\"@id\":\"https:\\\/\\\/www.interface-biz.com\\\/new\\\/espagnol-oral\\\/#breadcrumb\"},\"inLanguage\":\"en-US\",\"potentialAction\":[{\"@type\":\"ReadAction\",\"target\":[\"https:\\\/\\\/www.interface-biz.com\\\/new\\\/espagnol-oral\\\/\"]}]},{\"@type\":\"ImageObject\",\"inLanguage\":\"en-US\",\"@id\":\"https:\\\/\\\/www.interface-biz.com\\\/new\\\/espagnol-oral\\\/#primaryimage\",\"url\":\"https:\\\/\\\/www.interface-biz.com\\\/new\\\/wp-content\\\/uploads\\\/2021\\\/11\\\/spanish.jpg\",\"contentUrl\":\"https:\\\/\\\/www.interface-biz.com\\\/new\\\/wp-content\\\/uploads\\\/2021\\\/11\\\/spanish.jpg\",\"width\":1200,\"height\":628},{\"@type\":\"BreadcrumbList\",\"@id\":\"https:\\\/\\\/www.interface-biz.com\\\/new\\\/espagnol-oral\\\/#breadcrumb\",\"itemListElement\":[{\"@type\":\"ListItem\",\"position\":1,\"name\":\"Home\",\"item\":\"https:\\\/\\\/www.interface-biz.com\\\/new\\\/\"},{\"@type\":\"ListItem\",\"position\":2,\"name\":\"Espagnol oral\"}]},{\"@type\":\"WebSite\",\"@id\":\"https:\\\/\\\/www.interface-biz.com\\\/new\\\/#website\",\"url\":\"https:\\\/\\\/www.interface-biz.com\\\/new\\\/\",\"name\":\"Interface Business Languages\",\"description\":\"Sp\u00e9cialiste des langues \u00e9trang\u00e8res, nous pla\u00e7ons l&#039;humain au c\u0153ur de nos formations\",\"publisher\":{\"@id\":\"https:\\\/\\\/www.interface-biz.com\\\/new\\\/#organization\"},\"inLanguage\":\"en-US\"},{\"@type\":\"Organization\",\"@id\":\"https:\\\/\\\/www.interface-biz.com\\\/new\\\/#organization\",\"name\":\"Interface Business Languages\",\"url\":\"https:\\\/\\\/www.interface-biz.com\\\/new\\\/\",\"logo\":{\"@type\":\"ImageObject\",\"inLanguage\":\"en-US\",\"@id\":\"https:\\\/\\\/www.interface-biz.com\\\/new\\\/#\\\/schema\\\/logo\\\/image\\\/\",\"url\":\"https:\\\/\\\/www.interface-biz.com\\\/new\\\/wp-content\\\/uploads\\\/2021\\\/11\\\/IBL-block-logo.jpg\",\"contentUrl\":\"https:\\\/\\\/www.interface-biz.com\\\/new\\\/wp-content\\\/uploads\\\/2021\\\/11\\\/IBL-block-logo.jpg\",\"width\":876,\"height\":160,\"caption\":\"Interface Business Languages\"},\"image\":{\"@id\":\"https:\\\/\\\/www.interface-biz.com\\\/new\\\/#\\\/schema\\\/logo\\\/image\\\/\"},\"sameAs\":[\"https:\\\/\\\/www.linkedin.com\\\/company\\\/interface-business-languages\\\/\"]},{\"@type\":\"Person\",\"@id\":\"https:\\\/\\\/www.interface-biz.com\\\/new\\\/#\\\/schema\\\/person\\\/a7516d0dae391e491e87ca628597a039\",\"name\":\"attila bakti\",\"image\":{\"@type\":\"ImageObject\",\"inLanguage\":\"en-US\",\"@id\":\"https:\\\/\\\/secure.gravatar.com\\\/avatar\\\/aa2a2e384ab3d1b2feac977b8df508488b7dbf9d0c97f96513cecac27a1e1cab?s=96&d=mm&r=g\",\"url\":\"https:\\\/\\\/secure.gravatar.com\\\/avatar\\\/aa2a2e384ab3d1b2feac977b8df508488b7dbf9d0c97f96513cecac27a1e1cab?s=96&d=mm&r=g\",\"contentUrl\":\"https:\\\/\\\/secure.gravatar.com\\\/avatar\\\/aa2a2e384ab3d1b2feac977b8df508488b7dbf9d0c97f96513cecac27a1e1cab?s=96&d=mm&r=g\",\"caption\":\"attila bakti\"},\"url\":\"https:\\\/\\\/www.interface-biz.com\\\/new\\\/author\\\/ibl\\\/\"}]}<\/script>\n<!-- \/ Yoast SEO plugin. -->","yoast_head_json":{"title":"Espagnol oral - Interface Business Languages","robots":{"index":"index","follow":"follow","max-snippet":"max-snippet:-1","max-image-preview":"max-image-preview:large","max-video-preview":"max-video-preview:-1"},"canonical":"https:\/\/www.interface-biz.com\/new\/espagnol-oral\/","og_locale":"en_US","og_type":"article","og_title":"Espagnol oral - Interface Business Languages","og_description":"Pratiquer votre espagnol oral \u2013 cours individuels","og_url":"https:\/\/www.interface-biz.com\/new\/espagnol-oral\/","og_site_name":"Interface Business Languages","article_published_time":"2021-11-08T10:59:44+00:00","article_modified_time":"2023-12-15T16:39:23+00:00","og_image":[{"width":1200,"height":628,"url":"https:\/\/www.interface-biz.com\/new\/wp-content\/uploads\/2021\/11\/spanish.jpg","type":"image\/jpeg"}],"author":"attila bakti","twitter_card":"summary_large_image","twitter_misc":{"Written by":"attila bakti","Est. reading time":"1 minute"},"schema":{"@context":"https:\/\/schema.org","@graph":[{"@type":"Article","@id":"https:\/\/www.interface-biz.com\/new\/espagnol-oral\/#article","isPartOf":{"@id":"https:\/\/www.interface-biz.com\/new\/espagnol-oral\/"},"author":{"name":"attila bakti","@id":"https:\/\/www.interface-biz.com\/new\/#\/schema\/person\/a7516d0dae391e491e87ca628597a039"},"headline":"Espagnol oral","datePublished":"2021-11-08T10:59:44+00:00","dateModified":"2023-12-15T16:39:23+00:00","mainEntityOfPage":{"@id":"https:\/\/www.interface-biz.com\/new\/espagnol-oral\/"},"wordCount":105,"publisher":{"@id":"https:\/\/www.interface-biz.com\/new\/#organization"},"image":{"@id":"https:\/\/www.interface-biz.com\/new\/espagnol-oral\/#primaryimage"},"thumbnailUrl":"https:\/\/www.interface-biz.com\/new\/wp-content\/uploads\/2021\/11\/spanish.jpg","articleSection":["Autres langues - CPF","English courses","espagnol","Pratiquer \u00e0 l'oral"],"inLanguage":"en-US"},{"@type":"WebPage","@id":"https:\/\/www.interface-biz.com\/new\/espagnol-oral\/","url":"https:\/\/www.interface-biz.com\/new\/espagnol-oral\/","name":"Espagnol oral - Interface Business Languages","isPartOf":{"@id":"https:\/\/www.interface-biz.com\/new\/#website"},"primaryImageOfPage":{"@id":"https:\/\/www.interface-biz.com\/new\/espagnol-oral\/#primaryimage"},"image":{"@id":"https:\/\/www.interface-biz.com\/new\/espagnol-oral\/#primaryimage"},"thumbnailUrl":"https:\/\/www.interface-biz.com\/new\/wp-content\/uploads\/2021\/11\/spanish.jpg","datePublished":"2021-11-08T10:59:44+00:00","dateModified":"2023-12-15T16:39:23+00:00","breadcrumb":{"@id":"https:\/\/www.interface-biz.com\/new\/espagnol-oral\/#breadcrumb"},"inLanguage":"en-US","potentialAction":[{"@type":"ReadAction","target":["https:\/\/www.interface-biz.com\/new\/espagnol-oral\/"]}]},{"@type":"ImageObject","inLanguage":"en-US","@id":"https:\/\/www.interface-biz.com\/new\/espagnol-oral\/#primaryimage","url":"https:\/\/www.interface-biz.com\/new\/wp-content\/uploads\/2021\/11\/spanish.jpg","contentUrl":"https:\/\/www.interface-biz.com\/new\/wp-content\/uploads\/2021\/11\/spanish.jpg","width":1200,"height":628},{"@type":"BreadcrumbList","@id":"https:\/\/www.interface-biz.com\/new\/espagnol-oral\/#breadcrumb","itemListElement":[{"@type":"ListItem","position":1,"name":"Home","item":"https:\/\/www.interface-biz.com\/new\/"},{"@type":"ListItem","position":2,"name":"Espagnol oral"}]},{"@type":"WebSite","@id":"https:\/\/www.interface-biz.com\/new\/#website","url":"https:\/\/www.interface-biz.com\/new\/","name":"Interface Business Languages","description":"Sp\u00e9cialiste des langues \u00e9trang\u00e8res, nous pla\u00e7ons l&#039;humain au c\u0153ur de nos formations","publisher":{"@id":"https:\/\/www.interface-biz.com\/new\/#organization"},"inLanguage":"en-US"},{"@type":"Organization","@id":"https:\/\/www.interface-biz.com\/new\/#organization","name":"Interface Business Languages","url":"https:\/\/www.interface-biz.com\/new\/","logo":{"@type":"ImageObject","inLanguage":"en-US","@id":"https:\/\/www.interface-biz.com\/new\/#\/schema\/logo\/image\/","url":"https:\/\/www.interface-biz.com\/new\/wp-content\/uploads\/2021\/11\/IBL-block-logo.jpg","contentUrl":"https:\/\/www.interface-biz.com\/new\/wp-content\/uploads\/2021\/11\/IBL-block-logo.jpg","width":876,"height":160,"caption":"Interface Business Languages"},"image":{"@id":"https:\/\/www.interface-biz.com\/new\/#\/schema\/logo\/image\/"},"sameAs":["https:\/\/www.linkedin.com\/company\/interface-business-languages\/"]},{"@type":"Person","@id":"https:\/\/www.interface-biz.com\/new\/#\/schema\/person\/a7516d0dae391e491e87ca628597a039","name":"attila bakti","image":{"@type":"ImageObject","inLanguage":"en-US","@id":"https:\/\/secure.gravatar.com\/avatar\/aa2a2e384ab3d1b2feac977b8df508488b7dbf9d0c97f96513cecac27a1e1cab?s=96&d=mm&r=g","url":"https:\/\/secure.gravatar.com\/avatar\/aa2a2e384ab3d1b2feac977b8df508488b7dbf9d0c97f96513cecac27a1e1cab?s=96&d=mm&r=g","contentUrl":"https:\/\/secure.gravatar.com\/avatar\/aa2a2e384ab3d1b2feac977b8df508488b7dbf9d0c97f96513cecac27a1e1cab?s=96&d=mm&r=g","caption":"attila bakti"},"url":"https:\/\/www.interface-biz.com\/new\/author\/ibl\/"}]}},"modified_by":"attila bakti","_links":{"self":[{"href":"https:\/\/www.interface-biz.com\/new\/wp-json\/wp\/v2\/posts\/14502","targetHints":{"allow":["GET"]}}],"collection":[{"href":"https:\/\/www.interface-biz.com\/new\/wp-json\/wp\/v2\/posts"}],"about":[{"href":"https:\/\/www.interface-biz.com\/new\/wp-json\/wp\/v2\/types\/post"}],"author":[{"embeddable":true,"href":"https:\/\/www.interface-biz.com\/new\/wp-json\/wp\/v2\/users\/17"}],"replies":[{"embeddable":true,"href":"https:\/\/www.interface-biz.com\/new\/wp-json\/wp\/v2\/comments?post=14502"}],"version-history":[{"count":5,"href":"https:\/\/www.interface-biz.com\/new\/wp-json\/wp\/v2\/posts\/14502\/revisions"}],"predecessor-version":[{"id":18505,"href":"https:\/\/www.interface-biz.com\/new\/wp-json\/wp\/v2\/posts\/14502\/revisions\/18505"}],"wp:featuredmedia":[{"embeddable":true,"href":"https:\/\/www.interface-biz.com\/new\/wp-json\/wp\/v2\/media\/15707"}],"wp:attachment":[{"href":"https:\/\/www.interface-biz.com\/new\/wp-json\/wp\/v2\/media?parent=14502"}],"wp:term":[{"taxonomy":"category","embeddable":true,"href":"https:\/\/www.interface-biz.com\/new\/wp-json\/wp\/v2\/categories?post=14502"},{"taxonomy":"post_tag","embeddable":true,"href":"https:\/\/www.interface-biz.com\/new\/wp-json\/wp\/v2\/tags?post=14502"}],"curies":[{"name":"wp","href":"https:\/\/api.w.org\/{rel}","templated":true}]}}